{"id":3480,"date":"2017-11-08T12:10:28","date_gmt":"2017-11-08T11:10:28","guid":{"rendered":"http:\/\/anwalt-im-ted.de\/?p=3480"},"modified":"2017-11-10T07:53:54","modified_gmt":"2017-11-10T06:53:54","slug":"keine-unterstuetzung-fuer-makler-durch-das-bundesverfassungsgericht","status":"publish","type":"post","link":"https:\/\/anwalt-im-ted.de\/index.php\/2017\/11\/08\/keine-unterstuetzung-fuer-makler-durch-das-bundesverfassungsgericht\/","title":{"rendered":"Keine Unterst\u00fctzung f\u00fcr Makler durch das Bundesverfassungsgericht"},"content":{"rendered":"<p><img loading=\"lazy\" decoding=\"async\" class=\"wp-image-3287 size-thumbnail alignleft\" src=\"http:\/\/anwalt-im-ted.de\/wp-content\/uploads\/2017\/10\/aktuelles-80x80.jpg\" alt=\"\" width=\"80\" height=\"80\" srcset=\"https:\/\/anwalt-im-ted.de\/wp-content\/uploads\/2017\/10\/aktuelles-80x80.jpg 80w, https:\/\/anwalt-im-ted.de\/wp-content\/uploads\/2017\/10\/aktuelles-36x36.jpg 36w, https:\/\/anwalt-im-ted.de\/wp-content\/uploads\/2017\/10\/aktuelles-180x180.jpg 180w, https:\/\/anwalt-im-ted.de\/wp-content\/uploads\/2017\/10\/aktuelles-120x120.jpg 120w, https:\/\/anwalt-im-ted.de\/wp-content\/uploads\/2017\/10\/aktuelles-450x450.jpg 450w\" sizes=\"(max-width: 80px) 100vw, 80px\" \/>Keinen Erfolg hatten zwei Immobilienmakler, die vor dem Bundesverfassungsgericht in Karlsruhe das seit dem Jahr 2015 im Gesetz verankerte &#8222;Bestellerprinzip&#8220; im Wohnungsmarkt zu Fall bringen wollten.<\/p>\n<p>Das Gesetz verbietet die bisher zul\u00e4ssige Maklerpraxis, auch von dem Mietinteressenten im Falle der Wohnungsermittlung im Auftrag des Vermieters eine Verg\u00fctung zu verlangen bzw. diese maklervertraglich auf den Mieter abzuw\u00e4lzen.<\/p>\n<p>Der erste Senat des Bundesverfassungsgerichts hat die Verfassungsbeschwerden mit Beschluss vom 29.06.2016 (1 BvR 1015\/15) zur\u00fcckgewiesen: die Neuegelung, deren Zweck der Ausgleich sozialer und wirtschaftlicher Ungleichgewichte zwischen Mietern und Vermietern auf dem Wohnungsmarkt sei, sei mit dem Grundgesetz vereinbar.<\/p>\n","protected":false},"excerpt":{"rendered":"<p>Keinen Erfolg hatten zwei Immobilienmakler, die vor dem Bundesverfassungsgericht in Karlsruhe das seit dem Jahr 2015 im Gesetz verankerte &#8222;Bestellerprinzip&#8220; im Wohnungsmarkt zu Fall bringen wollten. Das Gesetz verbietet die bisher zul\u00e4ssige Maklerpraxis, auch von dem Mietinteressenten im Falle der Wohnungsermittlung im Auftrag des Vermieters eine Verg\u00fctung zu verlangen bzw. diese maklervertraglich auf den Mieter [&hellip;]<\/p>\n","protected":false},"author":2,"featured_media":0,"comment_status":"open","ping_status":"open","sticky":false,"template":"","format":"standard","meta":{"footnotes":""},"categories":[1],"tags":[36],"_links":{"self":[{"href":"https:\/\/anwalt-im-ted.de\/index.php\/wp-json\/wp\/v2\/posts\/3480"}],"collection":[{"href":"https:\/\/anwalt-im-ted.de\/index.php\/wp-json\/wp\/v2\/posts"}],"about":[{"href":"https:\/\/anwalt-im-ted.de\/index.php\/wp-json\/wp\/v2\/types\/post"}],"author":[{"embeddable":true,"href":"https:\/\/anwalt-im-ted.de\/index.php\/wp-json\/wp\/v2\/users\/2"}],"replies":[{"embeddable":true,"href":"https:\/\/anwalt-im-ted.de\/index.php\/wp-json\/wp\/v2\/comments?post=3480"}],"version-history":[{"count":2,"href":"https:\/\/anwalt-im-ted.de\/index.php\/wp-json\/wp\/v2\/posts\/3480\/revisions"}],"predecessor-version":[{"id":3529,"href":"https:\/\/anwalt-im-ted.de\/index.php\/wp-json\/wp\/v2\/posts\/3480\/revisions\/3529"}],"wp:attachment":[{"href":"https:\/\/anwalt-im-ted.de\/index.php\/wp-json\/wp\/v2\/media?parent=3480"}],"wp:term":[{"taxonomy":"category","embeddable":true,"href":"https:\/\/anwalt-im-ted.de\/index.php\/wp-json\/wp\/v2\/categories?post=3480"},{"taxonomy":"post_tag","embeddable":true,"href":"https:\/\/anwalt-im-ted.de\/index.php\/wp-json\/wp\/v2\/tags?post=3480"}],"curies":[{"name":"wp","href":"https:\/\/api.w.org\/{rel}","templated":true}]}}