{"id":3542,"date":"2017-11-10T08:29:24","date_gmt":"2017-11-10T07:29:24","guid":{"rendered":"http:\/\/anwalt-im-ted.de\/?p=3542"},"modified":"2018-06-11T14:51:21","modified_gmt":"2018-06-11T12:51:21","slug":"koennen-strassenausbaubeitraege-als-handwerkerleistungen-in-der-einkommensteuererklaerung-geltend-gemacht-werden","status":"publish","type":"post","link":"https:\/\/anwalt-im-ted.de\/index.php\/2017\/11\/10\/koennen-strassenausbaubeitraege-als-handwerkerleistungen-in-der-einkommensteuererklaerung-geltend-gemacht-werden\/","title":{"rendered":"K\u00f6nnen Stra\u00dfenausbaubeitr\u00e4ge als Handwerkerleistungen in der Einkommensteuererkl\u00e4rung geltend gemacht werden?"},"content":{"rendered":"<p><img loading=\"lazy\" decoding=\"async\" class=\"wp-image-3287 size-thumbnail alignleft\" src=\"http:\/\/anwalt-im-ted.de\/wp-content\/uploads\/2017\/10\/aktuelles-80x80.jpg\" alt=\"\" width=\"80\" height=\"80\" srcset=\"https:\/\/anwalt-im-ted.de\/wp-content\/uploads\/2017\/10\/aktuelles-80x80.jpg 80w, https:\/\/anwalt-im-ted.de\/wp-content\/uploads\/2017\/10\/aktuelles-36x36.jpg 36w, https:\/\/anwalt-im-ted.de\/wp-content\/uploads\/2017\/10\/aktuelles-180x180.jpg 180w, https:\/\/anwalt-im-ted.de\/wp-content\/uploads\/2017\/10\/aktuelles-120x120.jpg 120w, https:\/\/anwalt-im-ted.de\/wp-content\/uploads\/2017\/10\/aktuelles-450x450.jpg 450w\" sizes=\"(max-width: 80px) 100vw, 80px\" \/>Diese Frage ist aktuell Gegenstand eines Musterverfahrens vor dem Finanzgericht Berlin-Brandenburg (Az.: 3 K 3130\/17). Bislang ist die Praxis uneinheitlich, tendiert aber dazu, dass die Kosten nicht geltend gemacht werden k\u00f6nnen, da diese Leistungen betreffen, die von der Gemeinde erbracht und per Leistungsbescheid gegen\u00fcber den Grundst\u00fcckseigent\u00fcmern abgerechnet werden.<\/p>\n<p>Die Steuerberaterin eines Ehepaars in Brandenburg hatte die erhobenen Beitr\u00e4ge zur H\u00e4lfte in der Steuererkl\u00e4rung geltend gemacht, das Finanzamt diese aber nicht anerkannt. Nach erfolglos verlaufenem Einspruch wurde die nun anh\u00e4ngige Klage eingereicht.<\/p>\n<p>Betroffene sollten laut Steuerzahlerbund die Kosten in dem Jahr der Erhebung geltend machen und im Falle der Nichtanerkennung Einspruch erheben und diesen sodann unter Hinweis auf das Musterverfahren zum Ruhen bringen.<\/p>\n","protected":false},"excerpt":{"rendered":"<p>Diese Frage ist aktuell Gegenstand eines Musterverfahrens vor dem Finanzgericht Berlin-Brandenburg (Az.: 3 K 3130\/17). Bislang ist die Praxis uneinheitlich, tendiert aber dazu, dass die Kosten nicht geltend gemacht werden k\u00f6nnen, da diese Leistungen betreffen, die von der Gemeinde erbracht und per Leistungsbescheid gegen\u00fcber den Grundst\u00fcckseigent\u00fcmern abgerechnet werden. Die Steuerberaterin eines Ehepaars in Brandenburg hatte [&hellip;]<\/p>\n","protected":false},"author":2,"featured_media":0,"comment_status":"open","ping_status":"open","sticky":false,"template":"","format":"standard","meta":{"footnotes":""},"categories":[1],"tags":[],"_links":{"self":[{"href":"https:\/\/anwalt-im-ted.de\/index.php\/wp-json\/wp\/v2\/posts\/3542"}],"collection":[{"href":"https:\/\/anwalt-im-ted.de\/index.php\/wp-json\/wp\/v2\/posts"}],"about":[{"href":"https:\/\/anwalt-im-ted.de\/index.php\/wp-json\/wp\/v2\/types\/post"}],"author":[{"embeddable":true,"href":"https:\/\/anwalt-im-ted.de\/index.php\/wp-json\/wp\/v2\/users\/2"}],"replies":[{"embeddable":true,"href":"https:\/\/anwalt-im-ted.de\/index.php\/wp-json\/wp\/v2\/comments?post=3542"}],"version-history":[{"count":1,"href":"https:\/\/anwalt-im-ted.de\/index.php\/wp-json\/wp\/v2\/posts\/3542\/revisions"}],"predecessor-version":[{"id":3543,"href":"https:\/\/anwalt-im-ted.de\/index.php\/wp-json\/wp\/v2\/posts\/3542\/revisions\/3543"}],"wp:attachment":[{"href":"https:\/\/anwalt-im-ted.de\/index.php\/wp-json\/wp\/v2\/media?parent=3542"}],"wp:term":[{"taxonomy":"category","embeddable":true,"href":"https:\/\/anwalt-im-ted.de\/index.php\/wp-json\/wp\/v2\/categories?post=3542"},{"taxonomy":"post_tag","embeddable":true,"href":"https:\/\/anwalt-im-ted.de\/index.php\/wp-json\/wp\/v2\/tags?post=3542"}],"curies":[{"name":"wp","href":"https:\/\/api.w.org\/{rel}","templated":true}]}}