{"id":3585,"date":"2017-11-28T12:37:41","date_gmt":"2017-11-28T11:37:41","guid":{"rendered":"http:\/\/anwalt-im-ted.de\/?p=3585"},"modified":"2018-06-11T14:50:50","modified_gmt":"2018-06-11T12:50:50","slug":"kein-erfinden-von-festen-fuer-verkaufsoffene-sonntage","status":"publish","type":"post","link":"https:\/\/anwalt-im-ted.de\/index.php\/2017\/11\/28\/kein-erfinden-von-festen-fuer-verkaufsoffene-sonntage\/","title":{"rendered":"Kein \u00bbErfinden\u00ab von Festen f\u00fcr verkaufsoffene Sonntage"},"content":{"rendered":"<p><img loading=\"lazy\" decoding=\"async\" class=\"size-thumbnail wp-image-3287 alignleft\" src=\"http:\/\/anwalt-im-ted.de\/wp-content\/uploads\/2017\/10\/aktuelles-80x80.jpg\" alt=\"\" width=\"80\" height=\"80\" srcset=\"https:\/\/anwalt-im-ted.de\/wp-content\/uploads\/2017\/10\/aktuelles-80x80.jpg 80w, https:\/\/anwalt-im-ted.de\/wp-content\/uploads\/2017\/10\/aktuelles-36x36.jpg 36w, https:\/\/anwalt-im-ted.de\/wp-content\/uploads\/2017\/10\/aktuelles-180x180.jpg 180w, https:\/\/anwalt-im-ted.de\/wp-content\/uploads\/2017\/10\/aktuelles-120x120.jpg 120w, https:\/\/anwalt-im-ted.de\/wp-content\/uploads\/2017\/10\/aktuelles-450x450.jpg 450w\" sizes=\"(max-width: 80px) 100vw, 80px\" \/>Der Verwaltungsgerichtshof Baden-W\u00fcrttemberg hat in einer aktuellen <a href=\"http:\/\/vghmannheim.de\/pb\/,Lde\/Startseite\/Medien\/Normenkontrollantrag+gegen+verkaufsoffene+Sonntage+in+Sindelfingen+erfolgreich\/?LISTPAGE=1213200\">Entscheidung<\/a> der in den letzten Jahren \u00fcblich gewordenen Praxis vieler Kommunen, mit denen diese verkaufsoffene Sonntage festsetzen, eine Abfuhr erteilt.<\/p>\n<p>Im konkreten Fall hatte die Gewerkschaft ver.di mit einem Normenkontrollantrag eine Satzung der Stadt Sindelfingen angegriffen, mit der diese drei verkaufsoffene Sonntage f\u00fcr das Jahr 2016 festgesetzt hatte. Diese waren durch die Satzung auf die Termine des &#8222;Fr\u00fchlingsfestes&#8220;, des &#8222;Sommerfestes&#8220; und des &#8222;Kinderfestes&#8220; terminiert worden. Der VGH hat diese Satzung r\u00fcckwirkend f\u00fcr unwirksam erkl\u00e4rt.<\/p>\n<p>Rechtlicher Hintergrund ist eine Regelung im Laden\u00f6ffnungsgesetz des Landes Baden-W\u00fcrttemberg, das eine Ausnahme vom grunds\u00e4tzlichen Laden\u00f6ffnungsverbot an Sonn- und Feiertagen (\u00a7 3 Abs. 2 Lad\u00d6G) anordnet.<\/p>\n<p>Gem\u00e4\u00df \u00a7 8 Abs. 1 S. 1 des Gesetzes k\u00f6nnen hiervon j\u00e4hrlich bis zu drei Ausnahmen durch \u00f6rtliche Satzung festgelegt und die \u00d6ffnung von Verkaufsstellen zugelassen werden &#8222;aus Anlass von \u00f6rtlichen Festen, M\u00e4rkten, Messen oder \u00e4hnlichen Veranstaltungen&#8220;.<\/p>\n<p>Der Gesetzgeber hat hierbei die Konstellation vor Augen, dass es in der konkreten Gemeinde traditionelle bzw. althergebrachte Anl\u00e4sse der genannten Art gibt, die Ausnahmen von dem grunds\u00e4tzlichen Sonn- und Feiertagsschutz aufgrund von Regelungen des Grundgesetzes rechtfertigen.<\/p>\n<p>Im konkreten Fall hat das Gericht jedoch festgestellt, dass es sich bei den genannten Festen nicht um solche Anl\u00e4sse gehandelt hat, sondern diese umgekehrt vielmehr als &#8222;Alibiveranstaltungen&#8220; f\u00fcr die Festsetzung verkaufsoffener Sonntage von der Kommunalverwaltung in Sigmaringen \u00bberfunden\u00ab worden waren. Diese Praxis hat der Verwaltungsgerichtshof als unzul\u00e4ssig festgestellt und auch keine Rechtsmittel gegen seine Entscheidung zugelassen. Allerdings steht der unterlegenen Stadt grunds\u00e4tzlich noch die Nichtzulassungsbeschwerde an das Bundesverwaltungsgericht in Leipzig offen; die Entscheidung ist insoweit also noch nicht rechtskr\u00e4ftig.<\/p>\n<p><strong>Bemerkenswert und daher festzuhalten ist jedoch, dass mit der vorliegenden Entscheidung des VGH die in den letzten Jahren vielf\u00e4ltig zu beobachtende Kreativit\u00e4t der Kommunenen bei der Festsetzung von verkaufsoffenen Sonntagen &#8211; oft auf entsprechende Intervention \u00f6rtlicher Gewerbevereine &#8211; eine deutliche Grenze gefunden hat.<\/strong><\/p>\n","protected":false},"excerpt":{"rendered":"<p>Der Verwaltungsgerichtshof Baden-W\u00fcrttemberg hat in einer aktuellen Entscheidung der in den letzten Jahren \u00fcblich gewordenen Praxis vieler Kommunen, mit denen diese verkaufsoffene Sonntage festsetzen, eine Abfuhr erteilt. Im konkreten Fall hatte die Gewerkschaft ver.di mit einem Normenkontrollantrag eine Satzung der Stadt Sindelfingen angegriffen, mit der diese drei verkaufsoffene Sonntage f\u00fcr das Jahr 2016 festgesetzt hatte. [&hellip;]<\/p>\n","protected":false},"author":2,"featured_media":0,"comment_status":"closed","ping_status":"open","sticky":false,"template":"","format":"standard","meta":{"footnotes":""},"categories":[1],"tags":[],"_links":{"self":[{"href":"https:\/\/anwalt-im-ted.de\/index.php\/wp-json\/wp\/v2\/posts\/3585"}],"collection":[{"href":"https:\/\/anwalt-im-ted.de\/index.php\/wp-json\/wp\/v2\/posts"}],"about":[{"href":"https:\/\/anwalt-im-ted.de\/index.php\/wp-json\/wp\/v2\/types\/post"}],"author":[{"embeddable":true,"href":"https:\/\/anwalt-im-ted.de\/index.php\/wp-json\/wp\/v2\/users\/2"}],"replies":[{"embeddable":true,"href":"https:\/\/anwalt-im-ted.de\/index.php\/wp-json\/wp\/v2\/comments?post=3585"}],"version-history":[{"count":9,"href":"https:\/\/anwalt-im-ted.de\/index.php\/wp-json\/wp\/v2\/posts\/3585\/revisions"}],"predecessor-version":[{"id":3843,"href":"https:\/\/anwalt-im-ted.de\/index.php\/wp-json\/wp\/v2\/posts\/3585\/revisions\/3843"}],"wp:attachment":[{"href":"https:\/\/anwalt-im-ted.de\/index.php\/wp-json\/wp\/v2\/media?parent=3585"}],"wp:term":[{"taxonomy":"category","embeddable":true,"href":"https:\/\/anwalt-im-ted.de\/index.php\/wp-json\/wp\/v2\/categories?post=3585"},{"taxonomy":"post_tag","embeddable":true,"href":"https:\/\/anwalt-im-ted.de\/index.php\/wp-json\/wp\/v2\/tags?post=3585"}],"curies":[{"name":"wp","href":"https:\/\/api.w.org\/{rel}","templated":true}]}}